{"id":214,"date":"2017-07-07T12:19:22","date_gmt":"2017-07-07T10:19:22","guid":{"rendered":"http:\/\/www.horschamp-animation.com\/?p=214"},"modified":"2019-01-13T13:35:47","modified_gmt":"2019-01-13T12:35:47","slug":"pourquoi-le-gruyere-a-t-il-des-trous","status":"publish","type":"post","link":"https:\/\/www.horschamp-animation.com\/index.php\/2017\/07\/07\/pourquoi-le-gruyere-a-t-il-des-trous\/","title":{"rendered":"Pourquoi le gruy\u00e8re a-t-il des trous ?"},"content":{"rendered":"<p>Durant l&rsquo;ann\u00e9e scolaire 2016-2017, les \u00e9l\u00e8ves de l&rsquo;Ecole de Musiques et de Danse du Penthi\u00e8vre et ceux de l&rsquo;\u00e9ecole \u00e9l\u00e9mentaire d&rsquo;Henansal ont \u00e9t\u00e9 r\u00e9unis sur un projet commun : la r\u00e9alisation d&rsquo;un film d&rsquo;animation enti\u00e8rement musical.<\/p>\n<p><iframe loading=\"lazy\" title=\"Pourquoi le gruy\u00e8re a-t-il des trous ?\" width=\"616\" height=\"462\" src=\"https:\/\/www.youtube.com\/embed\/14-sA1tMJxA?feature=oembed\" frameborder=\"0\" allow=\"accelerometer; autoplay; clipboard-write; encrypted-media; gyroscope; picture-in-picture; web-share\" referrerpolicy=\"strict-origin-when-cross-origin\" allowfullscreen><\/iframe><\/p>\n<p>Les \u00e9l\u00e8ves des classes de CE2\/CM1 et CM1\/CM2 de l&rsquo;\u00e9cole d&rsquo;Henansal ont imagin\u00e9 ce film et cr\u00e9\u00e9 toute la partie visuelle, tandis que les \u00e9l\u00e8ves d&rsquo;accord\u00e9on et de percussions de l&rsquo;EMDP travaillaient sur la partie sonore.<\/p>\n<p>Le making of explique bien le processus de cr\u00e9ation et le r\u00f4le de chacun dans le projet :<\/p>\n<p><iframe loading=\"lazy\" title=\"Making Of de &quot;Pouquoi le Gruy\u00e8re a-t-il des trous ?&quot;\" width=\"616\" height=\"347\" src=\"https:\/\/www.youtube.com\/embed\/bFUf3JYSJZo?feature=oembed\" frameborder=\"0\" allow=\"accelerometer; autoplay; clipboard-write; encrypted-media; gyroscope; picture-in-picture; web-share\" referrerpolicy=\"strict-origin-when-cross-origin\" allowfullscreen><\/iframe><\/p>\n<p>Le film a \u00e9t\u00e9 projet\u00e9 au cin\u00e9ma de Lamballe en Juin 2017.<\/p>\n<p>Un DVD du film et du making of a \u00e9t\u00e9 tir\u00e9 \u00e0 100 exemplaires.<\/p>\n<p>Direction artistique : Samuel Jarry &amp; Sol\u00e8ne Normant<br \/>\nEncadrement du projet et de l&rsquo;animation (Ecole d&rsquo;Henansal) \u00a0: Samuel Jarry<br \/>\nEncadrement de la cr\u00e9ation musicale (EMDP) : Sol\u00e8ne Normant et Jonathan Lebon<\/p>\n<p>&nbsp;<\/p>\n","protected":false},"excerpt":{"rendered":"<p>Durant l&rsquo;ann\u00e9e scolaire 2016-2017, les \u00e9l\u00e8ves de l&rsquo;Ecole de Musiques et de Danse du Penthi\u00e8vre et ceux de l&rsquo;\u00e9ecole \u00e9l\u00e9mentaire d&rsquo;Henansal ont \u00e9t\u00e9 r\u00e9unis sur un projet commun : la r\u00e9alisation d&rsquo;un film d&rsquo;animation enti\u00e8rement musical. Les \u00e9l\u00e8ves des classes de CE2\/CM1 et CM1\/CM2 de l&rsquo;\u00e9cole d&rsquo;Henansal ont imagin\u00e9 ce film et cr\u00e9\u00e9 toute la [&hellip;]<\/p>\n","protected":false},"author":2,"featured_media":275,"comment_status":"open","ping_status":"open","sticky":false,"template":"","format":"standard","meta":{"footnotes":""},"categories":[2],"tags":[],"class_list":["post-214","post","type-post","status-publish","format-standard","has-post-thumbnail","hentry","category-cinema-danimation"],"_links":{"self":[{"href":"https:\/\/www.horschamp-animation.com\/index.php\/wp-json\/wp\/v2\/posts\/214","targetHints":{"allow":["GET"]}}],"collection":[{"href":"https:\/\/www.horschamp-animation.com\/index.php\/wp-json\/wp\/v2\/posts"}],"about":[{"href":"https:\/\/www.horschamp-animation.com\/index.php\/wp-json\/wp\/v2\/types\/post"}],"author":[{"embeddable":true,"href":"https:\/\/www.horschamp-animation.com\/index.php\/wp-json\/wp\/v2\/users\/2"}],"replies":[{"embeddable":true,"href":"https:\/\/www.horschamp-animation.com\/index.php\/wp-json\/wp\/v2\/comments?post=214"}],"version-history":[{"count":2,"href":"https:\/\/www.horschamp-animation.com\/index.php\/wp-json\/wp\/v2\/posts\/214\/revisions"}],"predecessor-version":[{"id":274,"href":"https:\/\/www.horschamp-animation.com\/index.php\/wp-json\/wp\/v2\/posts\/214\/revisions\/274"}],"wp:featuredmedia":[{"embeddable":true,"href":"https:\/\/www.horschamp-animation.com\/index.php\/wp-json\/wp\/v2\/media\/275"}],"wp:attachment":[{"href":"https:\/\/www.horschamp-animation.com\/index.php\/wp-json\/wp\/v2\/media?parent=214"}],"wp:term":[{"taxonomy":"category","embeddable":true,"href":"https:\/\/www.horschamp-animation.com\/index.php\/wp-json\/wp\/v2\/categories?post=214"},{"taxonomy":"post_tag","embeddable":true,"href":"https:\/\/www.horschamp-animation.com\/index.php\/wp-json\/wp\/v2\/tags?post=214"}],"curies":[{"name":"wp","href":"https:\/\/api.w.org\/{rel}","templated":true}]}}